{"id":4714,"date":"2025-12-22T11:56:09","date_gmt":"2025-12-22T10:56:09","guid":{"rendered":"https:\/\/www.kership.com\/?p=4714"},"modified":"2026-04-30T14:35:54","modified_gmt":"2026-04-30T12:35:54","slug":"visit-by-montenegros-deputy-prime-minister-and-minister-of-defense","status":"publish","type":"post","link":"https:\/\/www.kership.com\/en\/visit-by-montenegros-deputy-prime-minister-and-minister-of-defense\/","title":{"rendered":"Visit by Montenegro\u2019s Deputy Prime Minister and Minister of Defense"},"content":{"rendered":"\t\t<div data-elementor-type=\"wp-post\" data-elementor-id=\"4714\" class=\"elementor elementor-4714 elementor-4658\" data-elementor-post-type=\"post\">\n\t\t\t\t<div class=\"elementor-element elementor-element-f670b4a e-con-full e-flex e-con e-parent\" data-id=\"f670b4a\" data-element_type=\"container\" data-e-type=\"container\">\n\t\t\t\t<div class=\"elementor-element elementor-element-8b61375 elementor-widget elementor-widget-text-editor\" data-id=\"8b61375\" data-element_type=\"widget\" data-e-type=\"widget\" data-widget_type=\"text-editor.default\">\n\t\t\t\t<div class=\"elementor-widget-container\">\n\t\t\t\t\t\t\t\t\t<p>Kership welcomed, on Wednesday, December 17, at its Lanester site, <strong>a high-level delegation led by Mr. Aleksa Be\u010di\u0107, Deputy Prime Minister of Montenegro, and Mr. Dragan Krapovi\u0107, Minister of Defense.<\/strong><\/p><p>This second visit marks a significant step in naval cooperation between France and Montenegro, <strong>following the official order in October 2024 for two offshore patrol vessels (OPVs).<\/strong> Accompanied by the Ambassador of Montenegro to France, the delegation was able to observe the progress of the projects and the excellence of Kership\u2019s industrial expertise.<\/p><p>This strategic partnership confirms Kership\u2019s position as a major player in naval defense in Europe and abroad.<\/p><p>\u00a0<\/p>\t\t\t\t\t\t\t\t<\/div>\n\t\t\t\t<\/div>\n\t\t\t\t<\/div>\n\t\t<div class=\"elementor-element elementor-element-0655345 e-flex e-con-boxed e-con e-parent\" data-id=\"0655345\" data-element_type=\"container\" data-e-type=\"container\">\n\t\t\t\t\t<div class=\"e-con-inner\">\n\t\t\t\t<div class=\"elementor-element elementor-element-05d1813 elementor-widget__width-initial elementor-widget elementor-widget-image\" data-id=\"05d1813\" data-element_type=\"widget\" data-e-type=\"widget\" data-widget_type=\"image.default\">\n\t\t\t\t<div class=\"elementor-widget-container\">\n\t\t\t\t\t\t\t\t\t\t\t\t\t\t\t<img fetchpriority=\"high\" decoding=\"async\" width=\"1080\" height=\"720\" src=\"https:\/\/www.kership.com\/wp-content\/uploads\/2026\/04\/DSC_4930-1.jpg\" class=\"attachment-full size-full wp-image-4686\" alt=\"\" srcset=\"https:\/\/www.kership.com\/wp-content\/uploads\/2026\/04\/DSC_4930-1.jpg 1080w, https:\/\/www.kership.com\/wp-content\/uploads\/2026\/04\/DSC_4930-1-300x200.jpg 300w, https:\/\/www.kership.com\/wp-content\/uploads\/2026\/04\/DSC_4930-1-1024x683.jpg 1024w, https:\/\/www.kership.com\/wp-content\/uploads\/2026\/04\/DSC_4930-1-768x512.jpg 768w\" sizes=\"(max-width: 1080px) 100vw, 1080px\" \/>\t\t\t\t\t\t\t\t\t\t\t\t\t\t\t<\/div>\n\t\t\t\t<\/div>\n\t\t\t\t\t<\/div>\n\t\t\t\t<\/div>\n\t\t<div class=\"elementor-element elementor-element-e0141bd e-flex e-con-boxed e-con e-parent\" data-id=\"e0141bd\" data-element_type=\"container\" data-e-type=\"container\">\n\t\t\t\t\t<div class=\"e-con-inner\">\n\t\t\t\t<div class=\"elementor-element elementor-element-1435b38 elementor-widget elementor-widget-button\" data-id=\"1435b38\" data-element_type=\"widget\" data-e-type=\"widget\" data-widget_type=\"button.default\">\n\t\t\t\t<div class=\"elementor-widget-container\">\n\t\t\t\t\t\t\t\t\t<div class=\"elementor-button-wrapper\">\n\t\t\t\t\t<a class=\"elementor-button elementor-button-link elementor-size-sm\" href=\"https:\/\/www.kership.com\/wp-content\/uploads\/2026\/04\/20251217-pr-becic-krapovic-kership.pdf\" target=\"_blank\">\n\t\t\t\t\t\t<span class=\"elementor-button-content-wrapper\">\n\t\t\t\t\t\t<span class=\"elementor-button-icon\">\n\t\t\t\t<i aria-hidden=\"true\" class=\"fas fa-arrow-right\"><\/i>\t\t\t<\/span>\n\t\t\t\t\t\t\t\t\t<span class=\"elementor-button-text\">VIEW  OUR PRESS RELEASE<\/span>\n\t\t\t\t\t<\/span>\n\t\t\t\t\t<\/a>\n\t\t\t\t<\/div>\n\t\t\t\t\t\t\t\t<\/div>\n\t\t\t\t<\/div>\n\t\t\t\t\t<\/div>\n\t\t\t\t<\/div>\n\t\t\t\t<\/div>\n\t\t","protected":false},"excerpt":{"rendered":"<p>Kership welcomed, on Wednesday, December 17, at its Lanester site, a high-level delegation led by Mr. Aleksa Be\u010di\u0107, Deputy Prime Minister of Montenegro, and Mr. Dragan Krapovi\u0107, Minister of Defense. This second visit marks a significant step in naval cooperation between France and Montenegro, following the official order in October 2024 for two offshore patrol [&hellip;]<\/p>\n","protected":false},"author":7,"featured_media":4661,"comment_status":"closed","ping_status":"closed","sticky":false,"template":"","format":"standard","meta":{"_acf_changed":false,"footnotes":""},"categories":[36],"tags":[],"class_list":["post-4714","post","type-post","status-publish","format-standard","has-post-thumbnail","hentry","category-shipbuilding"],"acf":[],"yoast_head":"<!-- This site is optimized with the Yoast SEO plugin v27.4 - https:\/\/yoast.com\/product\/yoast-seo-wordpress\/ -->\n<title>Visit by Montenegro\u2019s Deputy Prime Minister and Minister of Defense - Kership<\/title>\n<meta name=\"robots\" content=\"index, follow, max-snippet:-1, max-image-preview:large, max-video-preview:-1\" \/>\n<link rel=\"canonical\" href=\"https:\/\/www.kership.com\/en\/visit-by-montenegros-deputy-prime-minister-and-minister-of-defense\/\" \/>\n<meta property=\"og:locale\" content=\"en_US\" \/>\n<meta property=\"og:type\" content=\"article\" \/>\n<meta property=\"og:title\" content=\"Visit by Montenegro\u2019s Deputy Prime Minister and Minister of Defense - Kership\" \/>\n<meta property=\"og:description\" content=\"Kership welcomed, on Wednesday, December 17, at its Lanester site, a high-level delegation led by Mr. Aleksa Be\u010di\u0107, Deputy Prime Minister of Montenegro, and Mr. Dragan Krapovi\u0107, Minister of Defense. This second visit marks a significant step in naval cooperation between France and Montenegro, following the official order in October 2024 for two offshore patrol [&hellip;]\" \/>\n<meta property=\"og:url\" content=\"https:\/\/www.kership.com\/en\/visit-by-montenegros-deputy-prime-minister-and-minister-of-defense\/\" \/>\n<meta property=\"og:site_name\" content=\"Kership\" \/>\n<meta property=\"article:published_time\" content=\"2025-12-22T10:56:09+00:00\" \/>\n<meta property=\"article:modified_time\" content=\"2026-04-30T12:35:54+00:00\" \/>\n<meta property=\"og:image\" content=\"https:\/\/www.kership.com\/wp-content\/uploads\/2026\/04\/DSC_4964-1-2-1-2.jpg\" \/>\n\t<meta property=\"og:image:width\" content=\"1600\" \/>\n\t<meta property=\"og:image:height\" content=\"1067\" \/>\n\t<meta property=\"og:image:type\" content=\"image\/jpeg\" \/>\n<meta name=\"twitter:card\" content=\"summary_large_image\" \/>\n<script type=\"application\/ld+json\" class=\"yoast-schema-graph\">{\"@context\":\"https:\\\/\\\/schema.org\",\"@graph\":[{\"@type\":\"Article\",\"@id\":\"https:\\\/\\\/www.kership.com\\\/en\\\/visit-by-montenegros-deputy-prime-minister-and-minister-of-defense\\\/#article\",\"isPartOf\":{\"@id\":\"https:\\\/\\\/www.kership.com\\\/en\\\/visit-by-montenegros-deputy-prime-minister-and-minister-of-defense\\\/\"},\"author\":{\"name\":\"Pauline PETILLON\",\"@id\":\"https:\\\/\\\/www.kership.com\\\/en\\\/#\\\/schema\\\/person\\\/67623db41d2e6b111db634fef1716245\"},\"headline\":\"Visit by Montenegro\u2019s Deputy Prime Minister and Minister of Defense\",\"datePublished\":\"2025-12-22T10:56:09+00:00\",\"dateModified\":\"2026-04-30T12:35:54+00:00\",\"mainEntityOfPage\":{\"@id\":\"https:\\\/\\\/www.kership.com\\\/en\\\/visit-by-montenegros-deputy-prime-minister-and-minister-of-defense\\\/\"},\"wordCount\":116,\"publisher\":{\"@id\":\"https:\\\/\\\/www.kership.com\\\/en\\\/#organization\"},\"image\":{\"@id\":\"https:\\\/\\\/www.kership.com\\\/en\\\/visit-by-montenegros-deputy-prime-minister-and-minister-of-defense\\\/#primaryimage\"},\"thumbnailUrl\":\"https:\\\/\\\/www.kership.com\\\/wp-content\\\/uploads\\\/2026\\\/04\\\/DSC_4964-1-2-1-2.jpg\",\"articleSection\":[\"Shipbuilding\"],\"inLanguage\":\"en-US\"},{\"@type\":\"WebPage\",\"@id\":\"https:\\\/\\\/www.kership.com\\\/en\\\/visit-by-montenegros-deputy-prime-minister-and-minister-of-defense\\\/\",\"url\":\"https:\\\/\\\/www.kership.com\\\/en\\\/visit-by-montenegros-deputy-prime-minister-and-minister-of-defense\\\/\",\"name\":\"Visit by Montenegro\u2019s Deputy Prime Minister and Minister of Defense - Kership\",\"isPartOf\":{\"@id\":\"https:\\\/\\\/www.kership.com\\\/en\\\/#website\"},\"primaryImageOfPage\":{\"@id\":\"https:\\\/\\\/www.kership.com\\\/en\\\/visit-by-montenegros-deputy-prime-minister-and-minister-of-defense\\\/#primaryimage\"},\"image\":{\"@id\":\"https:\\\/\\\/www.kership.com\\\/en\\\/visit-by-montenegros-deputy-prime-minister-and-minister-of-defense\\\/#primaryimage\"},\"thumbnailUrl\":\"https:\\\/\\\/www.kership.com\\\/wp-content\\\/uploads\\\/2026\\\/04\\\/DSC_4964-1-2-1-2.jpg\",\"datePublished\":\"2025-12-22T10:56:09+00:00\",\"dateModified\":\"2026-04-30T12:35:54+00:00\",\"breadcrumb\":{\"@id\":\"https:\\\/\\\/www.kership.com\\\/en\\\/visit-by-montenegros-deputy-prime-minister-and-minister-of-defense\\\/#breadcrumb\"},\"inLanguage\":\"en-US\",\"potentialAction\":[{\"@type\":\"ReadAction\",\"target\":[\"https:\\\/\\\/www.kership.com\\\/en\\\/visit-by-montenegros-deputy-prime-minister-and-minister-of-defense\\\/\"]}]},{\"@type\":\"ImageObject\",\"inLanguage\":\"en-US\",\"@id\":\"https:\\\/\\\/www.kership.com\\\/en\\\/visit-by-montenegros-deputy-prime-minister-and-minister-of-defense\\\/#primaryimage\",\"url\":\"https:\\\/\\\/www.kership.com\\\/wp-content\\\/uploads\\\/2026\\\/04\\\/DSC_4964-1-2-1-2.jpg\",\"contentUrl\":\"https:\\\/\\\/www.kership.com\\\/wp-content\\\/uploads\\\/2026\\\/04\\\/DSC_4964-1-2-1-2.jpg\",\"width\":1600,\"height\":1067},{\"@type\":\"BreadcrumbList\",\"@id\":\"https:\\\/\\\/www.kership.com\\\/en\\\/visit-by-montenegros-deputy-prime-minister-and-minister-of-defense\\\/#breadcrumb\",\"itemListElement\":[{\"@type\":\"ListItem\",\"position\":1,\"name\":\"Home\",\"item\":\"https:\\\/\\\/www.kership.com\\\/en\\\/\"},{\"@type\":\"ListItem\",\"position\":2,\"name\":\"Visit by Montenegro\u2019s Deputy Prime Minister and Minister of Defense\"}]},{\"@type\":\"WebSite\",\"@id\":\"https:\\\/\\\/www.kership.com\\\/en\\\/#website\",\"url\":\"https:\\\/\\\/www.kership.com\\\/en\\\/\",\"name\":\"Kership\",\"description\":\"\",\"publisher\":{\"@id\":\"https:\\\/\\\/www.kership.com\\\/en\\\/#organization\"},\"potentialAction\":[{\"@type\":\"SearchAction\",\"target\":{\"@type\":\"EntryPoint\",\"urlTemplate\":\"https:\\\/\\\/www.kership.com\\\/en\\\/?s={search_term_string}\"},\"query-input\":{\"@type\":\"PropertyValueSpecification\",\"valueRequired\":true,\"valueName\":\"search_term_string\"}}],\"inLanguage\":\"en-US\"},{\"@type\":\"Organization\",\"@id\":\"https:\\\/\\\/www.kership.com\\\/en\\\/#organization\",\"name\":\"Kership\",\"url\":\"https:\\\/\\\/www.kership.com\\\/en\\\/\",\"logo\":{\"@type\":\"ImageObject\",\"inLanguage\":\"en-US\",\"@id\":\"https:\\\/\\\/www.kership.com\\\/en\\\/#\\\/schema\\\/logo\\\/image\\\/\",\"url\":\"https:\\\/\\\/www.kership.com\\\/wp-content\\\/uploads\\\/2024\\\/08\\\/293-109-max-e1725964142658.png\",\"contentUrl\":\"https:\\\/\\\/www.kership.com\\\/wp-content\\\/uploads\\\/2024\\\/08\\\/293-109-max-e1725964142658.png\",\"width\":278,\"height\":64,\"caption\":\"Kership\"},\"image\":{\"@id\":\"https:\\\/\\\/www.kership.com\\\/en\\\/#\\\/schema\\\/logo\\\/image\\\/\"}},{\"@type\":\"Person\",\"@id\":\"https:\\\/\\\/www.kership.com\\\/en\\\/#\\\/schema\\\/person\\\/67623db41d2e6b111db634fef1716245\",\"name\":\"Pauline PETILLON\",\"image\":{\"@type\":\"ImageObject\",\"inLanguage\":\"en-US\",\"@id\":\"https:\\\/\\\/secure.gravatar.com\\\/avatar\\\/c0f7b953231cdb43aaa91e0a85f1a03a793816729f0d462a5b7af2f288b79048?s=96&d=mm&r=g\",\"url\":\"https:\\\/\\\/secure.gravatar.com\\\/avatar\\\/c0f7b953231cdb43aaa91e0a85f1a03a793816729f0d462a5b7af2f288b79048?s=96&d=mm&r=g\",\"contentUrl\":\"https:\\\/\\\/secure.gravatar.com\\\/avatar\\\/c0f7b953231cdb43aaa91e0a85f1a03a793816729f0d462a5b7af2f288b79048?s=96&d=mm&r=g\",\"caption\":\"Pauline PETILLON\"}}]}<\/script>\n<!-- \/ Yoast SEO plugin. -->","yoast_head_json":{"title":"Visit by Montenegro\u2019s Deputy Prime Minister and Minister of Defense - Kership","robots":{"index":"index","follow":"follow","max-snippet":"max-snippet:-1","max-image-preview":"max-image-preview:large","max-video-preview":"max-video-preview:-1"},"canonical":"https:\/\/www.kership.com\/en\/visit-by-montenegros-deputy-prime-minister-and-minister-of-defense\/","og_locale":"en_US","og_type":"article","og_title":"Visit by Montenegro\u2019s Deputy Prime Minister and Minister of Defense - Kership","og_description":"Kership welcomed, on Wednesday, December 17, at its Lanester site, a high-level delegation led by Mr. Aleksa Be\u010di\u0107, Deputy Prime Minister of Montenegro, and Mr. Dragan Krapovi\u0107, Minister of Defense. This second visit marks a significant step in naval cooperation between France and Montenegro, following the official order in October 2024 for two offshore patrol [&hellip;]","og_url":"https:\/\/www.kership.com\/en\/visit-by-montenegros-deputy-prime-minister-and-minister-of-defense\/","og_site_name":"Kership","article_published_time":"2025-12-22T10:56:09+00:00","article_modified_time":"2026-04-30T12:35:54+00:00","og_image":[{"width":1600,"height":1067,"url":"https:\/\/www.kership.com\/wp-content\/uploads\/2026\/04\/DSC_4964-1-2-1-2.jpg","type":"image\/jpeg"}],"twitter_card":"summary_large_image","schema":{"@context":"https:\/\/schema.org","@graph":[{"@type":"Article","@id":"https:\/\/www.kership.com\/en\/visit-by-montenegros-deputy-prime-minister-and-minister-of-defense\/#article","isPartOf":{"@id":"https:\/\/www.kership.com\/en\/visit-by-montenegros-deputy-prime-minister-and-minister-of-defense\/"},"author":{"name":"Pauline PETILLON","@id":"https:\/\/www.kership.com\/en\/#\/schema\/person\/67623db41d2e6b111db634fef1716245"},"headline":"Visit by Montenegro\u2019s Deputy Prime Minister and Minister of Defense","datePublished":"2025-12-22T10:56:09+00:00","dateModified":"2026-04-30T12:35:54+00:00","mainEntityOfPage":{"@id":"https:\/\/www.kership.com\/en\/visit-by-montenegros-deputy-prime-minister-and-minister-of-defense\/"},"wordCount":116,"publisher":{"@id":"https:\/\/www.kership.com\/en\/#organization"},"image":{"@id":"https:\/\/www.kership.com\/en\/visit-by-montenegros-deputy-prime-minister-and-minister-of-defense\/#primaryimage"},"thumbnailUrl":"https:\/\/www.kership.com\/wp-content\/uploads\/2026\/04\/DSC_4964-1-2-1-2.jpg","articleSection":["Shipbuilding"],"inLanguage":"en-US"},{"@type":"WebPage","@id":"https:\/\/www.kership.com\/en\/visit-by-montenegros-deputy-prime-minister-and-minister-of-defense\/","url":"https:\/\/www.kership.com\/en\/visit-by-montenegros-deputy-prime-minister-and-minister-of-defense\/","name":"Visit by Montenegro\u2019s Deputy Prime Minister and Minister of Defense - Kership","isPartOf":{"@id":"https:\/\/www.kership.com\/en\/#website"},"primaryImageOfPage":{"@id":"https:\/\/www.kership.com\/en\/visit-by-montenegros-deputy-prime-minister-and-minister-of-defense\/#primaryimage"},"image":{"@id":"https:\/\/www.kership.com\/en\/visit-by-montenegros-deputy-prime-minister-and-minister-of-defense\/#primaryimage"},"thumbnailUrl":"https:\/\/www.kership.com\/wp-content\/uploads\/2026\/04\/DSC_4964-1-2-1-2.jpg","datePublished":"2025-12-22T10:56:09+00:00","dateModified":"2026-04-30T12:35:54+00:00","breadcrumb":{"@id":"https:\/\/www.kership.com\/en\/visit-by-montenegros-deputy-prime-minister-and-minister-of-defense\/#breadcrumb"},"inLanguage":"en-US","potentialAction":[{"@type":"ReadAction","target":["https:\/\/www.kership.com\/en\/visit-by-montenegros-deputy-prime-minister-and-minister-of-defense\/"]}]},{"@type":"ImageObject","inLanguage":"en-US","@id":"https:\/\/www.kership.com\/en\/visit-by-montenegros-deputy-prime-minister-and-minister-of-defense\/#primaryimage","url":"https:\/\/www.kership.com\/wp-content\/uploads\/2026\/04\/DSC_4964-1-2-1-2.jpg","contentUrl":"https:\/\/www.kership.com\/wp-content\/uploads\/2026\/04\/DSC_4964-1-2-1-2.jpg","width":1600,"height":1067},{"@type":"BreadcrumbList","@id":"https:\/\/www.kership.com\/en\/visit-by-montenegros-deputy-prime-minister-and-minister-of-defense\/#breadcrumb","itemListElement":[{"@type":"ListItem","position":1,"name":"Home","item":"https:\/\/www.kership.com\/en\/"},{"@type":"ListItem","position":2,"name":"Visit by Montenegro\u2019s Deputy Prime Minister and Minister of Defense"}]},{"@type":"WebSite","@id":"https:\/\/www.kership.com\/en\/#website","url":"https:\/\/www.kership.com\/en\/","name":"Kership","description":"","publisher":{"@id":"https:\/\/www.kership.com\/en\/#organization"},"potentialAction":[{"@type":"SearchAction","target":{"@type":"EntryPoint","urlTemplate":"https:\/\/www.kership.com\/en\/?s={search_term_string}"},"query-input":{"@type":"PropertyValueSpecification","valueRequired":true,"valueName":"search_term_string"}}],"inLanguage":"en-US"},{"@type":"Organization","@id":"https:\/\/www.kership.com\/en\/#organization","name":"Kership","url":"https:\/\/www.kership.com\/en\/","logo":{"@type":"ImageObject","inLanguage":"en-US","@id":"https:\/\/www.kership.com\/en\/#\/schema\/logo\/image\/","url":"https:\/\/www.kership.com\/wp-content\/uploads\/2024\/08\/293-109-max-e1725964142658.png","contentUrl":"https:\/\/www.kership.com\/wp-content\/uploads\/2024\/08\/293-109-max-e1725964142658.png","width":278,"height":64,"caption":"Kership"},"image":{"@id":"https:\/\/www.kership.com\/en\/#\/schema\/logo\/image\/"}},{"@type":"Person","@id":"https:\/\/www.kership.com\/en\/#\/schema\/person\/67623db41d2e6b111db634fef1716245","name":"Pauline PETILLON","image":{"@type":"ImageObject","inLanguage":"en-US","@id":"https:\/\/secure.gravatar.com\/avatar\/c0f7b953231cdb43aaa91e0a85f1a03a793816729f0d462a5b7af2f288b79048?s=96&d=mm&r=g","url":"https:\/\/secure.gravatar.com\/avatar\/c0f7b953231cdb43aaa91e0a85f1a03a793816729f0d462a5b7af2f288b79048?s=96&d=mm&r=g","contentUrl":"https:\/\/secure.gravatar.com\/avatar\/c0f7b953231cdb43aaa91e0a85f1a03a793816729f0d462a5b7af2f288b79048?s=96&d=mm&r=g","caption":"Pauline PETILLON"}}]}},"_links":{"self":[{"href":"https:\/\/www.kership.com\/en\/wp-json\/wp\/v2\/posts\/4714","targetHints":{"allow":["GET"]}}],"collection":[{"href":"https:\/\/www.kership.com\/en\/wp-json\/wp\/v2\/posts"}],"about":[{"href":"https:\/\/www.kership.com\/en\/wp-json\/wp\/v2\/types\/post"}],"author":[{"embeddable":true,"href":"https:\/\/www.kership.com\/en\/wp-json\/wp\/v2\/users\/7"}],"replies":[{"embeddable":true,"href":"https:\/\/www.kership.com\/en\/wp-json\/wp\/v2\/comments?post=4714"}],"version-history":[{"count":7,"href":"https:\/\/www.kership.com\/en\/wp-json\/wp\/v2\/posts\/4714\/revisions"}],"predecessor-version":[{"id":4724,"href":"https:\/\/www.kership.com\/en\/wp-json\/wp\/v2\/posts\/4714\/revisions\/4724"}],"wp:featuredmedia":[{"embeddable":true,"href":"https:\/\/www.kership.com\/en\/wp-json\/wp\/v2\/media\/4661"}],"wp:attachment":[{"href":"https:\/\/www.kership.com\/en\/wp-json\/wp\/v2\/media?parent=4714"}],"wp:term":[{"taxonomy":"category","embeddable":true,"href":"https:\/\/www.kership.com\/en\/wp-json\/wp\/v2\/categories?post=4714"},{"taxonomy":"post_tag","embeddable":true,"href":"https:\/\/www.kership.com\/en\/wp-json\/wp\/v2\/tags?post=4714"}],"curies":[{"name":"wp","href":"https:\/\/api.w.org\/{rel}","templated":true}]}}